
{"id":1071,"date":"2025-12-17T17:23:04","date_gmt":"2025-12-17T17:23:04","guid":{"rendered":"https:\/\/roteirodosaber.com\/frio-humidade-e-noites-desconfortaveis-aqui-esta-a-solucao\/"},"modified":"2025-12-18T11:21:19","modified_gmt":"2025-12-18T11:21:19","slug":"frio-humedad-y-noches-incomodas","status":"publish","type":"post","link":"https:\/\/roteirodosaber.com\/es\/frio-humedad-y-noches-incomodas\/","title":{"rendered":"Fr\u00edo, humedad y noches inc\u00f3modas? Aqu\u00ed est\u00e1 la soluci\u00f3n"},"content":{"rendered":"<p>El fr\u00edo del invierno ya se hace sentir, y con \u00e9l llegan los d\u00edas helados y las noches inc\u00f3modas. Llegar a casa despu\u00e9s de un d\u00eda intenso y sentir el aire fr\u00edo recorrer cada estancia es una experiencia que nadie desea, especialmente en esta \u00e9poca navide\u00f1a, cuando el confort y el bienestar en familia son m\u00e1s importantes que nunca.<\/p>\n<p>\u00bfLa buena noticia? Con sistemas de climatizaci\u00f3n, AVAC y aire acondicionado bien planificados, puede transformar su hogar u oficina en un espacio acogedor, saludable y confortable, independientemente de lo que ocurra en el exterior.<\/p>\n<h2>Por qu\u00e9 la climatizaci\u00f3n es esencial este invierno<\/h2>\n<p>El invierno trae desaf\u00edos que van mucho m\u00e1s all\u00e1 del fr\u00edo:<\/p>\n<ul>\n<li>Ambientes demasiado secos o h\u00famedos pueden perjudicar la salud.<\/li>\n<li>Los muebles y las paredes sufren con el exceso de humedad.<\/li>\n<li>La experiencia de los momentos en familia, como las cenas de Navidad, se ve afectada sin confort t\u00e9rmico.<\/li>\n<li>Un sistema de climatizaci\u00f3n eficiente soluciona estos problemas, manteniendo la temperatura ideal, controlando la humedad y garantizando aire limpio en todo momento.<\/li>\n<\/ul>\n<h2>Servicios que garantizan confort y tranquilidad<\/h2>\n<p>1. Desarrollo personalizado<\/p>\n<p>Cada espacio es \u00fanico. Evaluamos las necesidades del cliente y creamos soluciones de climatizaci\u00f3n adaptadas, garantizando el m\u00e1ximo confort y la eficiencia energ\u00e9tica.<\/p>\n<p>Implementaci\u00f3n de los sistemas<\/p>\n<p>Instalamos equipos de alta calidad, asegurando que todo funcione correctamente desde el primer d\u00eda.<\/p>\n<p>Mantenimiento regular<\/p>\n<p>Con visitas peri\u00f3dicas, se evitan aver\u00edas inesperadas y se mantiene el rendimiento \u00f3ptimo del sistema.<\/p>\n<p>Reparaci\u00f3n y actualizaciones<\/p>\n<p>Intervenciones r\u00e1pidas y eficaces en caso de problemas, adem\u00e1s de actualizaciones para incorporar nuevas tecnolog\u00edas y aumentar la eficiencia de los sistemas existentes.<\/p>\n<h2>Beneficios que marcan la diferencia en el d\u00eda a d\u00eda<\/h2>\n<ul>\n<li>Confort t\u00e9rmico: temperatura agradable en todas las estancias, incluso en los d\u00edas m\u00e1s fr\u00edos.<\/li>\n<li>Calidad del aire: reducci\u00f3n de polvo, al\u00e9rgenos y part\u00edculas indeseadas.<\/li>\n<li>Control de la humedad: evita un aire demasiado seco o h\u00famedo, protegiendo la salud y el mobiliario.<\/li>\n<li>Adaptabilidad: soluciones personalizadas para viviendas, oficinas o complejos industriales.<\/li>\n<\/ul>\n<p>Llegar a casa o a la oficina y disfrutar de un ambiente agradable, con aire limpio y temperatura controlada, transforma cualquier d\u00eda fr\u00edo en confort absoluto.<\/p>\n<p>Prepare su hogar o negocio para el invierno y la Navidad: cont\u00e1ctenos para un proyecto personalizado y viva el confort que se merece.<\/p>\n","protected":false},"excerpt":{"rendered":"<p>El fr\u00edo del invierno ya se hace sentir, y con \u00e9l llegan los d\u00edas helados y las noches inc\u00f3modas. Llegar a casa despu\u00e9s de un [&hellip;]<\/p>\n","protected":false},"author":2,"featured_media":1067,"comment_status":"closed","ping_status":"closed","sticky":false,"template":"","format":"standard","meta":{"footnotes":""},"categories":[38],"tags":[],"class_list":["post-1071","post","type-post","status-publish","format-standard","has-post-thumbnail","hentry","category-sistemas-avac-es"],"_links":{"self":[{"href":"https:\/\/roteirodosaber.com\/es\/wp-json\/wp\/v2\/posts\/1071","targetHints":{"allow":["GET"]}}],"collection":[{"href":"https:\/\/roteirodosaber.com\/es\/wp-json\/wp\/v2\/posts"}],"about":[{"href":"https:\/\/roteirodosaber.com\/es\/wp-json\/wp\/v2\/types\/post"}],"author":[{"embeddable":true,"href":"https:\/\/roteirodosaber.com\/es\/wp-json\/wp\/v2\/users\/2"}],"replies":[{"embeddable":true,"href":"https:\/\/roteirodosaber.com\/es\/wp-json\/wp\/v2\/comments?post=1071"}],"version-history":[{"count":1,"href":"https:\/\/roteirodosaber.com\/es\/wp-json\/wp\/v2\/posts\/1071\/revisions"}],"predecessor-version":[{"id":1075,"href":"https:\/\/roteirodosaber.com\/es\/wp-json\/wp\/v2\/posts\/1071\/revisions\/1075"}],"wp:featuredmedia":[{"embeddable":true,"href":"https:\/\/roteirodosaber.com\/es\/wp-json\/wp\/v2\/media\/1067"}],"wp:attachment":[{"href":"https:\/\/roteirodosaber.com\/es\/wp-json\/wp\/v2\/media?parent=1071"}],"wp:term":[{"taxonomy":"category","embeddable":true,"href":"https:\/\/roteirodosaber.com\/es\/wp-json\/wp\/v2\/categories?post=1071"},{"taxonomy":"post_tag","embeddable":true,"href":"https:\/\/roteirodosaber.com\/es\/wp-json\/wp\/v2\/tags?post=1071"}],"curies":[{"name":"wp","href":"https:\/\/api.w.org\/{rel}","templated":true}]}}